{"id":6287,"date":"2025-07-30T17:46:37","date_gmt":"2025-07-30T16:46:37","guid":{"rendered":"https:\/\/observatoriomasculinidad.umh.es\/?p=6287"},"modified":"2025-07-30T17:49:02","modified_gmt":"2025-07-30T16:49:02","slug":"el-trabajo-con-hombres-y-masculinidades-en-las-politicas-de-igualdad-de-ambito-local","status":"publish","type":"post","link":"https:\/\/observatoriomasculinidad.umh.es\/en\/2025\/07\/30\/el-trabajo-con-hombres-y-masculinidades-en-las-politicas-de-igualdad-de-ambito-local\/","title":{"rendered":"<span lang=\"es\">(Espa\u00f1ol) El trabajo con hombres y masculinidades en las pol\u00edticas de igualdad de \u00e1mbito local<\/span>"},"content":{"rendered":"<p>[et_pb_section fb_built=&#8221;1&#8243; admin_label=&#8221;section&#8221; _builder_version=&#8221;4.16&#8243; global_colors_info=&#8221;{}&#8221;][et_pb_row column_structure=&#8221;1_3,2_3&#8243; admin_label=&#8221;row&#8221; _builder_version=&#8221;4.16&#8243; background_size=&#8221;initial&#8221; background_position=&#8221;top_left&#8221; background_repeat=&#8221;repeat&#8221; global_colors_info=&#8221;{}&#8221;][et_pb_column type=&#8221;1_3&#8243; _builder_version=&#8221;4.16&#8243; custom_padding=&#8221;|||&#8221; global_colors_info=&#8221;{}&#8221; custom_padding__hover=&#8221;|||&#8221;][et_pb_image src=&#8221;https:\/\/observatoriomasculinidad.umh.es\/files\/2025\/07\/portada-EL-TRABAJO-CON-HOMBRES-Y-MASCULINIDADES-EN-LAS-POLI\u0301TICAS-DE-IGUALDAD-DE-A\u0301MBITO-LOCAL-scaled-1.jpg&#8221; title_text=&#8221;portada-EL-TRABAJO-CON-HOMBRES-Y-MASCULINIDADES-EN-LAS-POLI\u0301TICAS-DE-IGUALDAD-DE-A\u0301MBITO-LOCAL-scaled&#8221; align_tablet=&#8221;center&#8221; align_phone=&#8221;center&#8221; align_last_edited=&#8221;on|desktop&#8221; admin_label=&#8221;Imagen&#8221; _builder_version=&#8221;4.17.4&#8243; animation_style=&#8221;slide&#8221; animation_direction=&#8221;left&#8221; animation_duration=&#8221;500ms&#8221; animation_intensity_slide=&#8221;10%&#8221; animation=&#8221;left&#8221; sticky=&#8221;off&#8221; use_border_color=&#8221;off&#8221; border_color=&#8221;#ffffff&#8221; border_style=&#8221;solid&#8221; always_center_on_mobile=&#8221;on&#8221; global_colors_info=&#8221;{}&#8221;][\/et_pb_image][\/et_pb_column][et_pb_column type=&#8221;2_3&#8243; _builder_version=&#8221;4.16&#8243; custom_padding=&#8221;|||&#8221; global_colors_info=&#8221;{}&#8221; custom_padding__hover=&#8221;|||&#8221;][et_pb_text admin_label=&#8221;Texto&#8221; _builder_version=&#8221;4.17.4&#8243; background_size=&#8221;initial&#8221; background_position=&#8221;top_left&#8221; background_repeat=&#8221;repeat&#8221; hover_enabled=&#8221;0&#8243; use_border_color=&#8221;off&#8221; border_color=&#8221;#ffffff&#8221; border_style=&#8221;solid&#8221; global_colors_info=&#8221;{}&#8221; sticky_enabled=&#8221;0&#8243;]<\/p>\n<p style=\"text-align: justify\"><strong>Resumen: <em>El trabajo con hombres y masculinidades en las pol\u00edticas de igualdad de \u00e1mbito local<\/em> <\/strong>es una obra colectiva coordinada por Anastasia T\u00e9llez Infantes, Fernando Herranz Vel\u00e1zquez y Mar\u00eda Amparo Calabuig Puig, que aborda el papel de las masculinidades en el dise\u00f1o, implementaci\u00f3n y evaluaci\u00f3n de las pol\u00edticas p\u00fablicas de igualdad en el contexto municipal.<br \/>A partir de una rigurosa investigaci\u00f3n desarrollada en la provincia de Alicante, el libro ofrece una mirada cr\u00edtica e interseccional sobre la escasa visibilizaci\u00f3n de los hombres y de las masculinidades en los planes de igualdad locales.<br \/>La obra se estructura en torno a varios ejes anal\u00edticos. En primer lugar, se presenta una introducci\u00f3n geohist\u00f3rica y pol\u00edtica que contextualiza la configuraci\u00f3n social y administrativa de los municipios alicantinos, seguida de una exposici\u00f3n metodol\u00f3gica.<br \/>Posteriormente, se presenta el marco normativo multinivel que regula las pol\u00edticas de igualdad, desde lo estatal hasta lo local. Un an\u00e1lisis detallado de los planes de igualdad \u2014tanto municipales como internos a los ayuntamientos\u2014 permite identificar ausencias, resistencias y posibilidades para incorporar una perspectiva cr\u00edtica de las masculinidades.<br \/>A ello se suma un estudio cuantitativo que recoge las percepciones de alcald\u00edas, concejal\u00edas y equipos t\u00e9cnicos de igualdad sobre estas pol\u00edticas, revelando desigualdades en la apropiaci\u00f3n institucional del enfoque de g\u00e9nero en relaci\u00f3n con los hombres. Finalmente, el libro ofrece una gu\u00eda de buenas pr\u00e1cticas orientada a fomentar la inclusi\u00f3n transformadora de las masculinidades en las estrategias locales de igualdad.<br \/>Esta obra constituye una aportaci\u00f3n clave para los estudios de g\u00e9nero aplicados a la gesti\u00f3n p\u00fablica, y plantea retos y recomendaciones concretas para avanzar hacia pol\u00edticas de igualdad m\u00e1s integradoras y eficaces.<\/p>\n<p style=\"text-align: justify\"><strong>Autores\/as que intervienen en la obra:<\/strong> Anastasia T\u00e9llez Infantes. Jos\u00e9 Antonio Cavero Rubio, Rosario Carmona Paredes,\u00a0 Mar\u00eda Jes\u00fas Navarro R\u00edos, Fernando Herranz Vel\u00e1zquez, Mar\u00eda Amparo Calabuig Puig, Ander Bergara Sautua, Javier Eloy Mart\u00ednez Guirao, Luciano Fabbri, Mar\u00eda Quiles Bail\u00e9n, Pamela Beatriz Carrasco Geve, Santiago Garc\u00eda Camp\u00e1.<\/p>\n<p style=\"text-align: justify\"><strong>Coordinaci\u00f3n:\u00a0<\/strong>Anastasia T\u00e9llez Infantes, Fernando Herranz Vel\u00e1zquez y Mar\u00eda Amparo Calabuig Puig<\/p>\n<p><strong><a href=\"https:\/\/editorial.umh.es\/2025\/07\/24\/el-trabajo-con-hombres-y-masculinidades-en-las-politicas-de-igualdad-de-ambito-local\/\">Enlace al libro<\/a>:<\/strong><\/p>\n<blockquote class=\"wp-embedded-content\" data-secret=\"aMhGTcq9Yl\"><p><a href=\"https:\/\/editorial.umh.es\/2025\/07\/24\/el-trabajo-con-hombres-y-masculinidades-en-las-politicas-de-igualdad-de-ambito-local\/\">El trabajo con hombres y masculinidades en las pol\u00edticas de igualdad de \u00e1mbito local<\/a><\/p><\/blockquote>\n<p><iframe class=\"wp-embedded-content\" sandbox=\"allow-scripts\" security=\"restricted\" style=\"position: absolute; clip: rect(1px, 1px, 1px, 1px);\" title=\"\u00abEl trabajo con hombres y masculinidades en las pol\u00edticas de igualdad de \u00e1mbito local\u00bb \u2014 Editorial UMH\" src=\"https:\/\/editorial.umh.es\/2025\/07\/24\/el-trabajo-con-hombres-y-masculinidades-en-las-politicas-de-igualdad-de-ambito-local\/embed\/#?secret=aMhGTcq9Yl\" data-secret=\"aMhGTcq9Yl\" width=\"600\" height=\"338\" frameborder=\"0\" marginwidth=\"0\" marginheight=\"0\" scrolling=\"no\"><\/iframe><\/p>\n<p>[\/et_pb_text][\/et_pb_column][\/et_pb_row][\/et_pb_section]<\/p>\n","protected":false},"excerpt":{"rendered":"<p>Resumen: El trabajo con hombres y masculinidades en las pol\u00edticas de igualdad de \u00e1mbito local es una obra colectiva coordinada por Anastasia T\u00e9llez Infantes, Fernando Herranz Vel\u00e1zquez y Mar\u00eda Amparo Calabuig Puig, que aborda el papel de las masculinidades en el dise\u00f1o, implementaci\u00f3n y evaluaci\u00f3n de las pol\u00edticas p\u00fablicas de igualdad en el contexto municipal.A [&hellip;]<\/p>\n","protected":false},"author":25245,"featured_media":0,"comment_status":"closed","ping_status":"open","sticky":false,"template":"","format":"standard","meta":{"_et_pb_use_builder":"on","_et_pb_old_content":"","_et_gb_content_width":"","_links_to":"","_links_to_target":""},"categories":[33,84,31],"tags":[],"_links":{"self":[{"href":"https:\/\/observatoriomasculinidad.umh.es\/en\/wp-json\/wp\/v2\/posts\/6287"}],"collection":[{"href":"https:\/\/observatoriomasculinidad.umh.es\/en\/wp-json\/wp\/v2\/posts"}],"about":[{"href":"https:\/\/observatoriomasculinidad.umh.es\/en\/wp-json\/wp\/v2\/types\/post"}],"author":[{"embeddable":true,"href":"https:\/\/observatoriomasculinidad.umh.es\/en\/wp-json\/wp\/v2\/users\/25245"}],"replies":[{"embeddable":true,"href":"https:\/\/observatoriomasculinidad.umh.es\/en\/wp-json\/wp\/v2\/comments?post=6287"}],"version-history":[{"count":0,"href":"https:\/\/observatoriomasculinidad.umh.es\/en\/wp-json\/wp\/v2\/posts\/6287\/revisions"}],"wp:attachment":[{"href":"https:\/\/observatoriomasculinidad.umh.es\/en\/wp-json\/wp\/v2\/media?parent=6287"}],"wp:term":[{"taxonomy":"category","embeddable":true,"href":"https:\/\/observatoriomasculinidad.umh.es\/en\/wp-json\/wp\/v2\/categories?post=6287"},{"taxonomy":"post_tag","embeddable":true,"href":"https:\/\/observatoriomasculinidad.umh.es\/en\/wp-json\/wp\/v2\/tags?post=6287"}],"curies":[{"name":"wp","href":"https:\/\/api.w.org\/{rel}","templated":true}]}}