{"id":5109,"date":"2024-10-07T11:51:32","date_gmt":"2024-10-07T10:51:32","guid":{"rendered":"https:\/\/observatoriomasculinidad.umh.es\/?p=5109"},"modified":"2024-10-07T12:00:29","modified_gmt":"2024-10-07T11:00:29","slug":"seminario-de-otono-2024","status":"publish","type":"post","link":"https:\/\/observatoriomasculinidad.umh.es\/en\/2024\/10\/07\/seminario-de-otono-2024\/","title":{"rendered":"Borrador autom\u00e1tico"},"content":{"rendered":"<p>[et_pb_section fb_built=&#8221;1&#8243; admin_label=&#8221;section&#8221; _builder_version=&#8221;4.16&#8243; global_colors_info=&#8221;{}&#8221;][et_pb_row admin_label=&#8221;row&#8221; _builder_version=&#8221;4.16&#8243; background_size=&#8221;initial&#8221; background_position=&#8221;top_left&#8221; background_repeat=&#8221;repeat&#8221; global_colors_info=&#8221;{}&#8221;][et_pb_column type=&#8221;4_4&#8243; _builder_version=&#8221;4.16&#8243; custom_padding=&#8221;|||&#8221; global_colors_info=&#8221;{}&#8221; custom_padding__hover=&#8221;|||&#8221;][et_pb_text _builder_version=&#8221;4.17.4&#8243; _module_preset=&#8221;default&#8221; global_colors_info=&#8221;{}&#8221;]<\/p>\n<h2 style=\"margin: 0cm;text-align: center\" align=\"center\"><b><span style=\"font-size: 18.0pt;color: black\"><em>Seminario de Oto\u00f1o <\/em><em>2024<\/em> del \u00abI Ciclo de Seminarios-workshops feministas\u00bb con el objetivo de crear una Red de Asociaciones feministas, de mujeres y de hombres por la igualdad<\/span><\/b><\/h2>\n<h3 style=\"text-align: center\">Asociaciones feministas, de mujeres y hombres por la Igualdad de referencia se reunir\u00e1n en la UMH<\/h3>\n<p>[\/et_pb_text][et_pb_divider _builder_version=&#8221;4.17.4&#8243; _module_preset=&#8221;default&#8221; global_colors_info=&#8221;{}&#8221;][\/et_pb_divider][\/et_pb_column][\/et_pb_row][et_pb_row _builder_version=&#8221;4.17.4&#8243; _module_preset=&#8221;default&#8221; global_colors_info=&#8221;{}&#8221;][et_pb_column type=&#8221;4_4&#8243; _builder_version=&#8221;4.17.4&#8243; _module_preset=&#8221;default&#8221; global_colors_info=&#8221;{}&#8221;][et_pb_button button_url=&#8221;https:\/\/universite.umh.es\/recibos\/obtenerDatosReb.asp?selTipreb=99&amp;selSubtipreb=174&#8243; url_new_window=&#8221;on&#8221; button_text=&#8221;INSCR\u00cdBETE AQU\u00cd&#8221; button_alignment=&#8221;center&#8221; _builder_version=&#8221;4.17.4&#8243; _module_preset=&#8221;default&#8221; global_colors_info=&#8221;{}&#8221;][\/et_pb_button][\/et_pb_column][\/et_pb_row][et_pb_row column_structure=&#8221;2_5,3_5&#8243; _builder_version=&#8221;4.17.4&#8243; _module_preset=&#8221;default&#8221; global_colors_info=&#8221;{}&#8221;][et_pb_column type=&#8221;2_5&#8243; _builder_version=&#8221;4.17.4&#8243; _module_preset=&#8221;default&#8221; global_colors_info=&#8221;{}&#8221;][et_pb_image src=&#8221;https:\/\/observatoriomasculinidad.umh.es\/files\/2024\/10\/CARTELES-SEMINARIOS-otono-1-scaled.jpg&#8221; title_text=&#8221;CARTELES SEMINARIOS-oto\u00f1o (1)&#8221; align=&#8221;center&#8221; _builder_version=&#8221;4.17.4&#8243; _module_preset=&#8221;default&#8221; global_colors_info=&#8221;{}&#8221;][\/et_pb_image][\/et_pb_column][et_pb_column type=&#8221;3_5&#8243; _builder_version=&#8221;4.17.4&#8243; _module_preset=&#8221;default&#8221; global_colors_info=&#8221;{}&#8221;][et_pb_text _builder_version=&#8221;4.17.4&#8243; _module_preset=&#8221;default&#8221; hover_enabled=&#8221;0&#8243; global_colors_info=&#8221;{}&#8221; sticky_enabled=&#8221;0&#8243;]<\/p>\n<p style=\"text-align: justify\">El pr\u00f3ximo <strong>11 de octubre de 2024<\/strong>, en el sal\u00f3n de Actos del edificio Severo Ochoa del Campus de Sant Joan d&#8217;Alacant UMH, de 9:30h a 20:30h, se celebrar\u00e1 el <strong><em>I Seminario de Oto\u00f1o dedicada a configurar una Red de asociaciones feministas, de mujeres y hombres por la igualdad,<\/em><\/strong> dentro del <a href=\"https:\/\/redesmasculinidades.umh.es\/\">I Ciclo de \u2018Seminarios-workshops feministas creaci\u00f3n de redes sobre masculinidades, g\u00e9nero e igualdad<\/a>\u2019, que organiza el <strong><em>Observatorio de las Masculinidades del Grupo de investigaci\u00f3n Econom\u00eda, Cultura y G\u00e9nero (ECULGE)<\/em><\/strong> de la Universidad Miguel Hern\u00e1ndez de Elche (UMH).<\/p>\n<p style=\"text-align: justify\">En este evento participar\u00e1n representantes de asociaciones e instituciones que ya trabajan o est\u00e1n interesadas en incorporar a los hombres a la lucha feminista por la igualdad de g\u00e9nero y en potenciar otras masculinidades proigualitarias. Adem\u00e1s, intervendr\u00e1n especialistas de referencia en la materia. Concretamente acudir\u00e1n:<\/p>\n<p>[\/et_pb_text][\/et_pb_column][\/et_pb_row][et_pb_row _builder_version=&#8221;4.17.4&#8243; _module_preset=&#8221;default&#8221; global_colors_info=&#8221;{}&#8221;][et_pb_column type=&#8221;4_4&#8243; _builder_version=&#8221;4.17.4&#8243; _module_preset=&#8221;default&#8221; global_colors_info=&#8221;{}&#8221;][et_pb_text _builder_version=&#8221;4.17.4&#8243; _module_preset=&#8221;default&#8221; hover_enabled=&#8221;0&#8243; global_colors_info=&#8221;{}&#8221; sticky_enabled=&#8221;0&#8243;]<\/p>\n<p style=\"text-align: justify\"><strong>Dra. Anastasia T\u00e9llez Infantes,<\/strong> Universidad Miguel Hern\u00e1ndez de Elche; <strong>Dra. Carmen Ruiz Repullo,<\/strong> Universidad de Granada; <strong>Dr. Joan Sanf\u00e9lix Albelda<\/strong>, Universidad Jaume I de Castell\u00f3; <strong>Dr. Jorge Cascales Ribera<\/strong>, Universidad de Valencia; <strong>D\u00aa. Mar\u00eda Amparo Calabuig Puig, <\/strong>Universidad Miguel Hern\u00e1ndez de Elche; <strong>D\u00aa Marisa Bartolom\u00e9 D\u00edaz,<\/strong> Asociaci\u00f3n de Mujeres Vecinales de Elche; <strong>D. Franches Belenguer,<\/strong> Red Hombres x Igualdad de Granada y AHIGE Andaluc\u00eda; <strong>D\u00aa Lydia Sell\u00e9s Catal\u00e1n,<\/strong> Consultora de Igualdad, especialista en Coeducaci\u00f3n; <strong>D. Hilario S\u00e1ez M\u00e9ndez,<\/strong> Fundaci\u00f3n Iniciativa Social. Miembro del Foro y la Red de Hombres por la Igualdad, y de MenEngage Iberia; <strong>Dr. Fernando Herranz Vel\u00e1zquez,<\/strong> Universidad Miguel Hern\u00e1ndez de Elche;<strong> D. Miguel Gonz\u00e1lez L\u00e1zaro, <\/strong>Asociaci\u00f3n Masculinidades Beta; <strong>D\u00aa. Alba Gos\u00e1lbez Rodr\u00edguez,<\/strong> Asociaci\u00f3n Kl\u00edas de investigaci\u00f3n y divulgaci\u00f3n feminista; <strong>Dra. Coral Herrera G\u00f3mez,<\/strong> Colaboradora Observatorio de las Masculinidades; <strong>Dra. Bakea Alonso Fern\u00e1ndez de Avil\u00e9s,<\/strong> Universidad Complutense de Madrid, Fundaci\u00f3n CEPAIM; <strong>D\u00aa. Juana Castillo Sicilia,<\/strong> Plataforma Violeta El Campello; <strong>D. Augusto Almoguera Fern\u00e1ndez, <\/strong>Universidad Complutense de Madrid; <strong>D. Joaquim Montaner Villalonga. <\/strong>Fundaci\u00f3n Iniciativa Social.<\/p>\n<p style=\"text-align: justify\">El programa completo del evento se encuentra disponible <a href=\"https:\/\/redesmasculinidades.umh.es\/programa-otono-2024\/\">aqu\u00ed<\/a> siendo su p\u00fablico destinatario todas las personas socias de este tipo de asociaciones o interesadas en la creaci\u00f3n de este tipo de asociaciones. Adem\u00e1s de otras entidades como ONG, fundaciones, federaciones, etc. de car\u00e1cter asociativo y que entre sus fines tengan la consecuci\u00f3n de la igualdad entre mujeres y hombres. La <a href=\"https:\/\/universite.umh.es\/recibos\/obtenerDatosReb.asp?selTipreb=99&amp;selSubtipreb=174\">inscripci\u00f3n est\u00e1 abierta<\/a>, y con la misma se podr\u00e1 contar con certificado oficial de participaci\u00f3n presencial.<\/p>\n<p style=\"text-align: justify\">Esta actividad ha sido financiada por el Instituto de las Mujeres del Ministerio de Igualdad y la UMH se ha estructurado con la celebraci\u00f3n presencial de <a href=\"https:\/\/redesmasculinidades.umh.es\/seminarios\/\">cuatro seminarios\u00a0<\/a>con formato de workshops, que se han realizado cada uno en una estaci\u00f3n del a\u00f1o en diferentes campus de la UMH. Cada seminario se ha desarrollado durante un d\u00eda completo, viernes, en sesi\u00f3n de ma\u00f1ana y de tarde. Cada uno de los cuatro seminarios se ha dedicado monogr\u00e1ficamente a un tipo de RED y ha ido enfocado a un p\u00fablico concreto: <a href=\"https:\/\/redesmasculinidades.umh.es\/seminario-invierno\/\">el Seminario de invierno 2024<\/a> a la creaci\u00f3n de la Red de Universidades espa\u00f1olas; el <a href=\"https:\/\/redesmasculinidades.umh.es\/seminario-primavera\/\">Seminario de primavera 2024<\/a> a la consolidaci\u00f3n de una Red de Ayuntamientos; el <a href=\"https:\/\/redesmasculinidades.umh.es\/seminario-verano\/\">Seminario de Verano 2024<\/a>a la configuraci\u00f3n de una Red Internacional; y el <a href=\"https:\/\/redesmasculinidades.umh.es\/seminario-otono\/\">Seminario de Oto\u00f1o 2024<\/a>\u00a0que vamos a celebrar el pr\u00f3ximo d\u00eda 11 de octubre de 2024 se ha dedicado a la configuraci\u00f3n de una Red de Asociaciones Feministas, de Mujeres y Hombres por la Igualdad.<\/p>\n<p style=\"text-align: justify\">La directora acad\u00e9mica del seminario es la catedr\u00e1tica de Antropolog\u00eda Social, D\u00aa <strong>Anastasia T\u00e9llez<\/strong><strong> Infantes, <\/strong>mientras que los coordinadores son D\u00aa <strong>Mar\u00eda Amparo Calabuig Puig <\/strong>y D.<strong> Fernando Herranz Vel\u00e1zquez. <\/strong><\/p>\n<p>[\/et_pb_text][\/et_pb_column][\/et_pb_row][\/et_pb_section]<\/p>\n","protected":false},"excerpt":{"rendered":"<p>Seminario de Oto\u00f1o 2024 del \u00abI Ciclo de Seminarios-workshops feministas\u00bb con el objetivo de crear una Red de Asociaciones feministas, de mujeres y de hombres por la igualdad Asociaciones feministas, de mujeres y hombres por la Igualdad de referencia se reunir\u00e1n en la UMHEl pr\u00f3ximo 11 de octubre de 2024, en el sal\u00f3n de Actos [&hellip;]<\/p>\n","protected":false},"author":25245,"featured_media":5115,"comment_status":"closed","ping_status":"open","sticky":false,"template":"","format":"standard","meta":{"_et_pb_use_builder":"on","_et_pb_old_content":"","_et_gb_content_width":"","_links_to":"","_links_to_target":""},"categories":[99],"tags":[],"_links":{"self":[{"href":"https:\/\/observatoriomasculinidad.umh.es\/en\/wp-json\/wp\/v2\/posts\/5109"}],"collection":[{"href":"https:\/\/observatoriomasculinidad.umh.es\/en\/wp-json\/wp\/v2\/posts"}],"about":[{"href":"https:\/\/observatoriomasculinidad.umh.es\/en\/wp-json\/wp\/v2\/types\/post"}],"author":[{"embeddable":true,"href":"https:\/\/observatoriomasculinidad.umh.es\/en\/wp-json\/wp\/v2\/users\/25245"}],"replies":[{"embeddable":true,"href":"https:\/\/observatoriomasculinidad.umh.es\/en\/wp-json\/wp\/v2\/comments?post=5109"}],"version-history":[{"count":0,"href":"https:\/\/observatoriomasculinidad.umh.es\/en\/wp-json\/wp\/v2\/posts\/5109\/revisions"}],"wp:featuredmedia":[{"embeddable":true,"href":"https:\/\/observatoriomasculinidad.umh.es\/en\/wp-json\/wp\/v2\/media\/5115"}],"wp:attachment":[{"href":"https:\/\/observatoriomasculinidad.umh.es\/en\/wp-json\/wp\/v2\/media?parent=5109"}],"wp:term":[{"taxonomy":"category","embeddable":true,"href":"https:\/\/observatoriomasculinidad.umh.es\/en\/wp-json\/wp\/v2\/categories?post=5109"},{"taxonomy":"post_tag","embeddable":true,"href":"https:\/\/observatoriomasculinidad.umh.es\/en\/wp-json\/wp\/v2\/tags?post=5109"}],"curies":[{"name":"wp","href":"https:\/\/api.w.org\/{rel}","templated":true}]}}