{"id":4903,"date":"2024-04-25T10:35:33","date_gmt":"2024-04-25T09:35:33","guid":{"rendered":"https:\/\/observatoriomasculinidad.umh.es\/?p=4903"},"modified":"2024-04-25T12:18:54","modified_gmt":"2024-04-25T11:18:54","slug":"entrevista-ander-bergara","status":"publish","type":"post","link":"https:\/\/observatoriomasculinidad.umh.es\/en\/2024\/04\/25\/entrevista-ander-bergara\/","title":{"rendered":"Borrador autom\u00e1tico"},"content":{"rendered":"<p>[et_pb_section fb_built=&#8221;1&#8243; admin_label=&#8221;section&#8221; _builder_version=&#8221;4.16&#8243; global_colors_info=&#8221;{}&#8221;][et_pb_row admin_label=&#8221;row&#8221; _builder_version=&#8221;4.16&#8243; background_size=&#8221;initial&#8221; background_position=&#8221;top_left&#8221; background_repeat=&#8221;repeat&#8221; global_colors_info=&#8221;{}&#8221;][et_pb_column type=&#8221;4_4&#8243; _builder_version=&#8221;4.16&#8243; custom_padding=&#8221;|||&#8221; global_colors_info=&#8221;{}&#8221; custom_padding__hover=&#8221;|||&#8221;][et_pb_text _builder_version=&#8221;4.17.4&#8243; _module_preset=&#8221;default&#8221; global_colors_info=&#8221;{}&#8221;]<\/p>\n<h2 style=\"text-align: center\"><strong>ENTREVISTA A ANDER BERGARA SAUTUA EN EL PROGRAMA &#8220;IGUALES PERO DIFERENTES&#8221;<\/strong><\/h2>\n<h5 style=\"text-align: center\">EN EL CONTEXTO DEL SEMINARIO DE PRIMAVERA (ORIHUELA &#8211; 26 DE ABRIL DE 2024) DEL I CICLO DE SEMINARIOS-WORKSHOPS FEMINSITAS PARA LA CREACI\u00d3N DE REDES SOBRE MASCULINIDADES, G\u00c9NERO E IGUALDAD<\/h5>\n<p>[\/et_pb_text][et_pb_divider _builder_version=&#8221;4.17.4&#8243; _module_preset=&#8221;default&#8221; global_colors_info=&#8221;{}&#8221;][\/et_pb_divider][\/et_pb_column][\/et_pb_row][et_pb_row column_structure=&#8221;2_5,3_5&#8243; _builder_version=&#8221;4.17.4&#8243; _module_preset=&#8221;default&#8221; global_colors_info=&#8221;{}&#8221;][et_pb_column type=&#8221;2_5&#8243; _builder_version=&#8221;4.17.4&#8243; _module_preset=&#8221;default&#8221; global_colors_info=&#8221;{}&#8221;][et_pb_image src=&#8221;https:\/\/observatoriomasculinidad.umh.es\/files\/2024\/04\/I-Seminario-de-primavera-2024-Red-de-Ayuntamientos-1-1.png&#8221; title_text=&#8221;I Seminario de primavera 2024 -Red de Ayuntamientos- (1)&#8221; _builder_version=&#8221;4.17.4&#8243; _module_preset=&#8221;default&#8221; global_colors_info=&#8221;{}&#8221;][\/et_pb_image][\/et_pb_column][et_pb_column type=&#8221;3_5&#8243; _builder_version=&#8221;4.17.4&#8243; _module_preset=&#8221;default&#8221; global_colors_info=&#8221;{}&#8221;][et_pb_divider show_divider=&#8221;off&#8221; _builder_version=&#8221;4.17.4&#8243; _module_preset=&#8221;default&#8221; global_colors_info=&#8221;{}&#8221;][\/et_pb_divider][et_pb_divider show_divider=&#8221;off&#8221; _builder_version=&#8221;4.17.4&#8243; _module_preset=&#8221;default&#8221; global_colors_info=&#8221;{}&#8221;][\/et_pb_divider][et_pb_text _builder_version=&#8221;4.17.4&#8243; _module_preset=&#8221;default&#8221; global_colors_info=&#8221;{}&#8221;]<\/p>\n<p style=\"text-align: justify\">Mar\u00eda Amparo Calabuig Puig, integrante del Observatorio de las Masculinidades UMH y directora y presentadora de &#8220;Iguales pero Diferentes&#8221; el programa radiof\u00f3nico de la Unidad de Igualdad UMH, entrevista a Ander Bergara Sautua (Gizonduz &#8211; Emakunde. Instituto Vasco de las Mujeres) en el contexto del I Seminario de Primavera 2024.<\/p>\n<p>[\/et_pb_text][et_pb_divider show_divider=&#8221;off&#8221; _builder_version=&#8221;4.17.4&#8243; _module_preset=&#8221;default&#8221; global_colors_info=&#8221;{}&#8221;][\/et_pb_divider][et_pb_text _builder_version=&#8221;4.17.4&#8243; _module_preset=&#8221;default&#8221; global_colors_info=&#8221;{}&#8221;]<\/p>\n<p style=\"text-align: justify\">Ander Bergara Sautua es licenciado en derecho y profesional de referencia a la hora de hablar de pol\u00edticas de igualdad y masculinidades en la agenda pol\u00edtica. Trabajador desde hace m\u00e1s de dos d\u00e9cadas en EMAKUNDE \u2013 Instituto Vasco de las Mujeres donde ha realizado labores de asesor jur\u00eddico, t\u00e9cnico de igualdad, asesor de la direcci\u00f3n y responsable del \u00c1rea de Cooperaci\u00f3n Institucional y, actualmente, se encuentra en Gizonduz, el servicio vasco para el trabajo con hombres y masculinidades por la igualdad de Emakunde dirigido a promover la concienciaci\u00f3n, participaci\u00f3n e implicaci\u00f3n de los hombres en pro de la igualdad de mujeres y hombres, as\u00ed como al fomento de masculinidades diversas e igualitarias.<\/p>\n<p>[\/et_pb_text][\/et_pb_column][\/et_pb_row][et_pb_row _builder_version=&#8221;4.17.4&#8243; _module_preset=&#8221;default&#8221; global_colors_info=&#8221;{}&#8221;][et_pb_column type=&#8221;4_4&#8243; _builder_version=&#8221;4.17.4&#8243; _module_preset=&#8221;default&#8221; global_colors_info=&#8221;{}&#8221;][et_pb_audio audio=&#8221;https:\/\/observatoriomasculinidad.umh.es\/files\/2024\/04\/030524-ENTREVISTA-ANDER-BERGARA-1.mp3&#8243; title=&#8221;Entrevista a Ander Bergara&#8221; _builder_version=&#8221;4.17.4&#8243; _module_preset=&#8221;default&#8221; global_colors_info=&#8221;{}&#8221;][\/et_pb_audio][\/et_pb_column][\/et_pb_row][et_pb_row _builder_version=&#8221;4.17.4&#8243; _module_preset=&#8221;default&#8221; global_colors_info=&#8221;{}&#8221;][et_pb_column type=&#8221;4_4&#8243; _builder_version=&#8221;4.17.4&#8243; _module_preset=&#8221;default&#8221; global_colors_info=&#8221;{}&#8221;][et_pb_divider _builder_version=&#8221;4.17.4&#8243; _module_preset=&#8221;default&#8221; global_colors_info=&#8221;{}&#8221;][\/et_pb_divider][et_pb_text _builder_version=&#8221;4.17.4&#8243; _module_preset=&#8221;default&#8221; global_colors_info=&#8221;{}&#8221;]<\/p>\n<p style=\"text-align: justify\">M\u00e1s informaci\u00f3n sobre el Seminario de Primavera 2024 en: <a href=\"https:\/\/redesmasculinidades.umh.es\/\">https:\/\/redesmasculinidades.umh.es\/<\/a><\/p>\n<p style=\"text-align: justify\">Todos los programas de &#8220;Iguales pero Diferentes&#8221; en: <a href=\"https:\/\/radio.umh.es\/category\/programas-radio-umh-2012-2013\/igualdad\/iguales-pero-diferentes\/\">https:\/\/radio.umh.es\/category\/programas-radio-umh-2012-2013\/igualdad\/iguales-pero-diferentes\/<\/a><\/p>\n<p>[\/et_pb_text][\/et_pb_column][\/et_pb_row][\/et_pb_section]<\/p>\n","protected":false},"excerpt":{"rendered":"<p>ENTREVISTA A ANDER BERGARA SAUTUA EN EL PROGRAMA &#8220;IGUALES PERO DIFERENTES&#8221; EN EL CONTEXTO DEL SEMINARIO DE PRIMAVERA (ORIHUELA &#8211; 26 DE ABRIL DE 2024) DEL I CICLO DE SEMINARIOS-WORKSHOPS FEMINSITAS PARA LA CREACI\u00d3N DE REDES SOBRE MASCULINIDADES, G\u00c9NERO E IGUALDADMar\u00eda Amparo Calabuig Puig, integrante del Observatorio de las Masculinidades UMH y directora y presentadora [&hellip;]<\/p>\n","protected":false},"author":25245,"featured_media":4909,"comment_status":"closed","ping_status":"open","sticky":false,"template":"","format":"standard","meta":{"_et_pb_use_builder":"on","_et_pb_old_content":"","_et_gb_content_width":"","_links_to":"","_links_to_target":""},"categories":[16],"tags":[],"_links":{"self":[{"href":"https:\/\/observatoriomasculinidad.umh.es\/en\/wp-json\/wp\/v2\/posts\/4903"}],"collection":[{"href":"https:\/\/observatoriomasculinidad.umh.es\/en\/wp-json\/wp\/v2\/posts"}],"about":[{"href":"https:\/\/observatoriomasculinidad.umh.es\/en\/wp-json\/wp\/v2\/types\/post"}],"author":[{"embeddable":true,"href":"https:\/\/observatoriomasculinidad.umh.es\/en\/wp-json\/wp\/v2\/users\/25245"}],"replies":[{"embeddable":true,"href":"https:\/\/observatoriomasculinidad.umh.es\/en\/wp-json\/wp\/v2\/comments?post=4903"}],"version-history":[{"count":0,"href":"https:\/\/observatoriomasculinidad.umh.es\/en\/wp-json\/wp\/v2\/posts\/4903\/revisions"}],"wp:featuredmedia":[{"embeddable":true,"href":"https:\/\/observatoriomasculinidad.umh.es\/en\/wp-json\/wp\/v2\/media\/4909"}],"wp:attachment":[{"href":"https:\/\/observatoriomasculinidad.umh.es\/en\/wp-json\/wp\/v2\/media?parent=4903"}],"wp:term":[{"taxonomy":"category","embeddable":true,"href":"https:\/\/observatoriomasculinidad.umh.es\/en\/wp-json\/wp\/v2\/categories?post=4903"},{"taxonomy":"post_tag","embeddable":true,"href":"https:\/\/observatoriomasculinidad.umh.es\/en\/wp-json\/wp\/v2\/tags?post=4903"}],"curies":[{"name":"wp","href":"https:\/\/api.w.org\/{rel}","templated":true}]}}