{"id":1842,"date":"2016-01-22T16:30:36","date_gmt":"2016-01-22T15:30:36","guid":{"rendered":"http:\/\/observatoriomasculinidad.umh.es\/?p=1842"},"modified":"2021-01-22T16:30:47","modified_gmt":"2021-01-22T15:30:47","slug":"analisis-de-la-identidad-de-genero-en-relacion-con-el-trabajo-en-contextos-de-crisis-y-desempleo-en-el-sur-de-la-provincia-de-alicante","status":"publish","type":"post","link":"https:\/\/observatoriomasculinidad.umh.es\/en\/2016\/01\/22\/analisis-de-la-identidad-de-genero-en-relacion-con-el-trabajo-en-contextos-de-crisis-y-desempleo-en-el-sur-de-la-provincia-de-alicante\/","title":{"rendered":"<span lang=\"es\">(Espa\u00f1ol) An\u00e1lisis de la identidad de g\u00e9nero en relaci\u00f3n con el trabajo, en contextos de crisis y desempleo en el sur de la provincia de Alicante<\/span>"},"content":{"rendered":"<p class=\"qtranxs-available-languages-message qtranxs-available-languages-message-en\">Sorry, this entry is only available in <a href=\"https:\/\/observatoriomasculinidad.umh.es\/es\/wp-json\/wp\/v2\/posts\/1842\" class=\"qtranxs-available-language-link qtranxs-available-language-link-es\" title=\"Espa\u00f1ol\">European Spanish<\/a>.<\/p>","protected":false},"excerpt":{"rendered":"<p>Sorry, this entry is only available in European Spanish.<\/p>\n","protected":false},"author":13814,"featured_media":0,"comment_status":"closed","ping_status":"open","sticky":false,"template":"","format":"standard","meta":{"_et_pb_use_builder":"","_et_pb_old_content":"","_et_gb_content_width":"","_links_to":"","_links_to_target":""},"categories":[39,90,32,74,31],"tags":[],"_links":{"self":[{"href":"https:\/\/observatoriomasculinidad.umh.es\/en\/wp-json\/wp\/v2\/posts\/1842"}],"collection":[{"href":"https:\/\/observatoriomasculinidad.umh.es\/en\/wp-json\/wp\/v2\/posts"}],"about":[{"href":"https:\/\/observatoriomasculinidad.umh.es\/en\/wp-json\/wp\/v2\/types\/post"}],"author":[{"embeddable":true,"href":"https:\/\/observatoriomasculinidad.umh.es\/en\/wp-json\/wp\/v2\/users\/13814"}],"replies":[{"embeddable":true,"href":"https:\/\/observatoriomasculinidad.umh.es\/en\/wp-json\/wp\/v2\/comments?post=1842"}],"version-history":[{"count":0,"href":"https:\/\/observatoriomasculinidad.umh.es\/en\/wp-json\/wp\/v2\/posts\/1842\/revisions"}],"wp:attachment":[{"href":"https:\/\/observatoriomasculinidad.umh.es\/en\/wp-json\/wp\/v2\/media?parent=1842"}],"wp:term":[{"taxonomy":"category","embeddable":true,"href":"https:\/\/observatoriomasculinidad.umh.es\/en\/wp-json\/wp\/v2\/categories?post=1842"},{"taxonomy":"post_tag","embeddable":true,"href":"https:\/\/observatoriomasculinidad.umh.es\/en\/wp-json\/wp\/v2\/tags?post=1842"}],"curies":[{"name":"wp","href":"https:\/\/api.w.org\/{rel}","templated":true}]}}