{"id":1838,"date":"2017-01-22T16:29:28","date_gmt":"2017-01-22T15:29:28","guid":{"rendered":"http:\/\/observatoriomasculinidad.umh.es\/?p=1838"},"modified":"2021-01-22T16:33:31","modified_gmt":"2021-01-22T15:33:31","slug":"la-construccion-social-del-varon-en-los-centros-de-acogimiento-residencial-una-mirada-etnografica-y-autobiografica-ante-el-trabajo-del-educador-y-la-educadora-social","status":"publish","type":"post","link":"https:\/\/observatoriomasculinidad.umh.es\/en\/2017\/01\/22\/la-construccion-social-del-varon-en-los-centros-de-acogimiento-residencial-una-mirada-etnografica-y-autobiografica-ante-el-trabajo-del-educador-y-la-educadora-social\/","title":{"rendered":"<span lang=\"es\">(Espa\u00f1ol) La construcci\u00f3n social del var\u00f3n en los Centros de Acogimiento Residencial: una mirada etnogr\u00e1fica y autobiogr\u00e1fica ante el trabajo del educador y la educadora social<\/span>"},"content":{"rendered":"<p class=\"qtranxs-available-languages-message qtranxs-available-languages-message-en\">Sorry, this entry is only available in <a href=\"https:\/\/observatoriomasculinidad.umh.es\/es\/wp-json\/wp\/v2\/posts\/1838\" class=\"qtranxs-available-language-link qtranxs-available-language-link-es\" title=\"Espa\u00f1ol\">European Spanish<\/a>.<\/p>","protected":false},"excerpt":{"rendered":"<p>Sorry, this entry is only available in European Spanish.<\/p>\n","protected":false},"author":13814,"featured_media":0,"comment_status":"closed","ping_status":"open","sticky":false,"template":"","format":"standard","meta":{"_et_pb_use_builder":"","_et_pb_old_content":"","_et_gb_content_width":"","_links_to":"","_links_to_target":""},"categories":[39,90,32,74,31],"tags":[],"_links":{"self":[{"href":"https:\/\/observatoriomasculinidad.umh.es\/en\/wp-json\/wp\/v2\/posts\/1838"}],"collection":[{"href":"https:\/\/observatoriomasculinidad.umh.es\/en\/wp-json\/wp\/v2\/posts"}],"about":[{"href":"https:\/\/observatoriomasculinidad.umh.es\/en\/wp-json\/wp\/v2\/types\/post"}],"author":[{"embeddable":true,"href":"https:\/\/observatoriomasculinidad.umh.es\/en\/wp-json\/wp\/v2\/users\/13814"}],"replies":[{"embeddable":true,"href":"https:\/\/observatoriomasculinidad.umh.es\/en\/wp-json\/wp\/v2\/comments?post=1838"}],"version-history":[{"count":0,"href":"https:\/\/observatoriomasculinidad.umh.es\/en\/wp-json\/wp\/v2\/posts\/1838\/revisions"}],"wp:attachment":[{"href":"https:\/\/observatoriomasculinidad.umh.es\/en\/wp-json\/wp\/v2\/media?parent=1838"}],"wp:term":[{"taxonomy":"category","embeddable":true,"href":"https:\/\/observatoriomasculinidad.umh.es\/en\/wp-json\/wp\/v2\/categories?post=1838"},{"taxonomy":"post_tag","embeddable":true,"href":"https:\/\/observatoriomasculinidad.umh.es\/en\/wp-json\/wp\/v2\/tags?post=1838"}],"curies":[{"name":"wp","href":"https:\/\/api.w.org\/{rel}","templated":true}]}}