{"id":1522,"date":"2012-01-20T16:22:02","date_gmt":"2012-01-20T15:22:02","guid":{"rendered":"http:\/\/observatoriomasculinidad.umh.es\/?p=1522"},"modified":"2021-01-20T21:24:22","modified_gmt":"2021-01-20T20:24:22","slug":"la-imagen-de-hombres-y-mujeres-en-la-comunicacion","status":"publish","type":"post","link":"https:\/\/observatoriomasculinidad.umh.es\/en\/2012\/01\/20\/la-imagen-de-hombres-y-mujeres-en-la-comunicacion\/","title":{"rendered":"<span lang=\"es\">(Espa\u00f1ol) LA IMAGEN DE HOMBRES Y MUJERES EN LA COMUNICACI\u00d3N<\/span>"},"content":{"rendered":"<p class=\"qtranxs-available-languages-message qtranxs-available-languages-message-en\">Sorry, this entry is only available in <a href=\"https:\/\/observatoriomasculinidad.umh.es\/es\/wp-json\/wp\/v2\/posts\/1522\" class=\"qtranxs-available-language-link qtranxs-available-language-link-es\" title=\"Espa\u00f1ol\">European Spanish<\/a>.<\/p>","protected":false},"excerpt":{"rendered":"<p class=\"qtranxs-available-languages-message qtranxs-available-languages-message-en\">Sorry, this entry is only available in <a href=\"https:\/\/observatoriomasculinidad.umh.es\/es\/wp-json\/wp\/v2\/posts\/1522\" class=\"qtranxs-available-language-link qtranxs-available-language-link-es\" title=\"Espa\u00f1ol\">European Spanish<\/a>.<\/p>\n","protected":false},"author":13814,"featured_media":0,"comment_status":"closed","ping_status":"open","sticky":false,"template":"","format":"standard","meta":{"_et_pb_use_builder":"on","_et_pb_old_content":"<p><strong>Resumen:<\/strong>\u00a0los diversos textos que aqu\u00ed se presentan abarcan distintas tem\u00e1ticas y disciplinas, centrados en la comunicaci\u00f3n desde el enfoque de g\u00e9nero, y versando sobre el estudio de estereotipos de hombres y mujeres, g\u00e9nero femenino\/g\u00e9nero masculino, identidad femenina\/identidad masculina, etc. Su fin es promover el conocimiento y la difusi\u00f3n del principio de igualdad entre mujeres y hombres con el objetivo de que todos los medios de comunicaci\u00f3n respeten la igualdad de g\u00e9nero, evitando cualquier forma de discriminaci\u00f3n.<\/p><p><strong>Autores\/as que intervienen en la obra:<\/strong>\u00a0Anastasia T\u00e9llez Infantes, Alicia Aguilar Rojo, Elena P\u00e9rez Rueda, Isabel Ferr\u00e1ndez Bleda, Ana Cerver\u00f3 Ferrer, Ana Dolores Verd\u00fa Delgado, D\u00aa Erica Briones Vozmediano, Elena Mart\u00ed Cebri\u00e1n, Elpidio del Campo Ca\u00f1izares, Javier Quintanilla Sanch\u00eds, Ignacio Lara Jornet, Maria Teresa Moy\u00e1 Ruiz, Laura Cub\u00ed Moll\u00e1, Yanina Sanz Fern\u00e1ndez, Victoria Marrero Quintana, Jes\u00fas Mula Grau, Amaya Fern\u00e1ndez Menicucci, Santiago Fern\u00e1ndez Ardanaz, Antonio Sempere<\/p><p><a href=\"http:\/\/ve.umh.es\/blogs\/sieg\/ImagenHombresMujeres.pdf\" target=\"_blank\">http:\/\/ve.umh.es\/blogs\/sieg\/ImagenHombresMujeres.pdf<\/a><\/p>","_et_gb_content_width":"","_links_to":"","_links_to_target":""},"categories":[32,33,84,74,31],"tags":[],"_links":{"self":[{"href":"https:\/\/observatoriomasculinidad.umh.es\/en\/wp-json\/wp\/v2\/posts\/1522"}],"collection":[{"href":"https:\/\/observatoriomasculinidad.umh.es\/en\/wp-json\/wp\/v2\/posts"}],"about":[{"href":"https:\/\/observatoriomasculinidad.umh.es\/en\/wp-json\/wp\/v2\/types\/post"}],"author":[{"embeddable":true,"href":"https:\/\/observatoriomasculinidad.umh.es\/en\/wp-json\/wp\/v2\/users\/13814"}],"replies":[{"embeddable":true,"href":"https:\/\/observatoriomasculinidad.umh.es\/en\/wp-json\/wp\/v2\/comments?post=1522"}],"version-history":[{"count":0,"href":"https:\/\/observatoriomasculinidad.umh.es\/en\/wp-json\/wp\/v2\/posts\/1522\/revisions"}],"wp:attachment":[{"href":"https:\/\/observatoriomasculinidad.umh.es\/en\/wp-json\/wp\/v2\/media?parent=1522"}],"wp:term":[{"taxonomy":"category","embeddable":true,"href":"https:\/\/observatoriomasculinidad.umh.es\/en\/wp-json\/wp\/v2\/categories?post=1522"},{"taxonomy":"post_tag","embeddable":true,"href":"https:\/\/observatoriomasculinidad.umh.es\/en\/wp-json\/wp\/v2\/tags?post=1522"}],"curies":[{"name":"wp","href":"https:\/\/api.w.org\/{rel}","templated":true}]}}