{"id":1165,"date":"2021-01-12T12:41:48","date_gmt":"2021-01-12T11:41:48","guid":{"rendered":"http:\/\/observatoriomasculinidad.umh.es\/?p=1165"},"modified":"2021-07-12T19:00:39","modified_gmt":"2021-07-12T18:00:39","slug":"seminarios-conversatorios-sobre-masculinidades-genero-e-igualdad","status":"publish","type":"post","link":"https:\/\/observatoriomasculinidad.umh.es\/en\/2021\/01\/12\/seminarios-conversatorios-sobre-masculinidades-genero-e-igualdad\/","title":{"rendered":"<span lang=\"es\">(Espa\u00f1ol) Seminarios conversatorios sobre Masculinidades, G\u00e9nero e Igualdad<\/span>"},"content":{"rendered":"<p class=\"qtranxs-available-languages-message qtranxs-available-languages-message-en\">Sorry, this entry is only available in <a href=\"https:\/\/observatoriomasculinidad.umh.es\/es\/wp-json\/wp\/v2\/posts\/1165\" class=\"qtranxs-available-language-link qtranxs-available-language-link-es\" title=\"Espa\u00f1ol\">European Spanish<\/a>.<\/p>","protected":false},"excerpt":{"rendered":"<p>Sorry, this entry is only available in European Spanish.<\/p>\n","protected":false},"author":16034,"featured_media":0,"comment_status":"closed","ping_status":"open","sticky":false,"template":"","format":"standard","meta":{"_et_pb_use_builder":"off","_et_pb_old_content":"<h3 style=\"text-align: center;\"><span style=\"color: #00ccff;\"><strong><a style=\"color: #00ccff;\" href=\"http:\/\/observatoriomasculinidad.edu.umh.es\/wp-content\/uploads\/sites\/1462\/2021\/01\/Seminarios-completosPortadasLibros.pdf\" target=\"_blank\">Desc\u00e1rgate el programa completo de los Seminarios Conversatorios<\/a><\/strong><\/span><\/h3><h3 style=\"text-align: left;\"><a title=\"Inscripci\u00f3n seminarios conversatorios\" href=\"https:\/\/forms.gle\/AHmkf7dBgsXaPX1s9\" target=\"_blank\"><strong>Formulario de inscripci\u00f3n para todos los seminarios<\/strong><\/a><\/h3><h5 style=\"text-align: justify;\"><strong>Mi\u00e9rcoles de febrero a julio de 2021<\/strong><\/h5><p style=\"text-align: justify;\">A trav\u00e9s de Google Meet UMH<br \/> <strong>HORARIO: 17:00-18:30 h (hora espa\u00f1ola)<\/strong><br \/> ORGANIZA:<br \/> OBSERVATORIO DE LAS MASCULINIDADES. UNIVERSIDAD MIGUEL HERN\u00c1NDEZ DE ELCHE<br \/> GRUPO DE INVESTIGACI\u00d3N ECULGE \u201cECONOM\u00cdA, CULTURA Y G\u00c9NERO\u201d<br \/> POSTGRADO T\u00cdTULO DE ESPECIALISTA UNIVERSITARIO EN MASCULINIDADES, G\u00c9NERO E IGUALDAD.<\/p><p style=\"text-align: justify;\">Acceso previa inscripci\u00f3n m\u00e1ximo 250 PERSONAS<br \/> Se colgar\u00e1 en Internet YOUTUBE de la UMH en abierto posteriormente.<\/p><p style=\"text-align: justify;\"><strong>PROGRAMA: Presentaci\u00f3n + Conferencia de la\/el autor\/a + Debate<\/strong><\/p><p style=\"text-align: justify;\"><strong>Mi\u00e9rcoles 17 de febrero de 2021 <span style=\"color: #ff0000;\"><em>\u00a1Completo!<\/em><\/span><br \/> <\/strong><\/p><p style=\"text-align: justify;\">Sanf\u00e9lix Albelda, Joan (2020)<br \/> <strong><em>LA BR\u00daJULA ROTA DE LA MASCULINIDAD<\/em>. <\/strong><br \/> Editorial Tirant Lo Blanch.<br \/> Presenta el libro: Juan Jos\u00e9 Tamayo<br \/> Modera y clausura: Anastasia T\u00e9llez Infantes<\/p><p><iframe src=\"https:\/\/www.youtube.com\/embed\/qTTLBU3CjGA\" width=\"560\" height=\"315\" frameborder=\"0\" allowfullscreen=\"allowfullscreen\"><\/iframe><\/p><p style=\"text-align: justify;\"><strong>Mi\u00e9rcoles 24 de febrero de 2021 <span style=\"color: #ff0000;\"><em>\u00a1Completo!<\/em><\/span><br \/> <\/strong><\/p><p style=\"text-align: justify;\">Tamayo Acosta, Juan Jos\u00e9 (2020)<br \/> <strong><em>LA INTERNACIONAL DEL ODIO. \u00bfC\u00d3MO SE CONSTRUYE? \u00bfC\u00d3MO SE DECONSTRUYE?<\/em><\/strong><br \/> Ed. Icaria. Colecci\u00f3n: AntrazytPps. 222<br \/> Presenta el libro: Anastasia T\u00e9llez Infantes<br \/> Modera y clausura: Joan Sanf\u00e9lix Albelda<\/p><p><iframe src=\"https:\/\/www.youtube.com\/embed\/EET1ZQqULiY\" width=\"560\" height=\"315\" frameborder=\"0\" allowfullscreen=\"allowfullscreen\"><\/iframe><\/p><p style=\"text-align: justify;\"><strong>Mi\u00e9rcoles 3 de marzo <span style=\"color: #ff0000;\"><em>\u00a1Completo!<\/em><\/span><br \/> <\/strong><\/p><p style=\"text-align: justify;\">Ranea Trivi\u00f1o, Beatriz (2019)<br \/> <strong><em>FEMINISMOS. ANTOLOG\u00cdA DE TEXTOS FEMINISTAS PARA USO DE LAS GENERACIONES M\u00c1S J\u00d3VENES, Y DE LAS QUE NO LO SON TANTO<\/em><\/strong><br \/> Ed. Catarata.<br \/> Presenta el libro: Sonia Rubio Romaguera<br \/> Modera y clausura: Joan Sanf\u00e9lix Albelda<\/p><p style=\"text-align: justify;\"><strong>Mi\u00e9rcoles 17 de marzo de 2021 <span style=\"color: #ff0000;\"><em>\u00a1Completo!<\/em><\/span><br \/> <\/strong><\/p><p style=\"text-align: justify;\">T\u00e9llez, Anastasia; Mart\u00ednez, J. Eloy y Sanf\u00e9lix, Joan (Eds.) (2020)<br \/> <strong><em>HOMBRES, G\u00c9NERO Y PATRIARCADO: REFLEXIONES, CUERPOS Y REPRESENTACIONES.<\/em><\/strong><br \/> Editorial Dykinson<br \/> Presenta el libro: Hilario S\u00e1ez M\u00e9ndez<br \/> Conferencia: <strong>\"EL G\u00c9NERO MASCULINO, ENTRE LA OBSOLESCENCIA Y LA IMPOSTACI\u00d3N\"<\/strong>. Marina Subirats Martori<br \/> Modera y clausura: Jorge Cascales Ribera<\/p><p style=\"text-align: justify;\"><strong>Mi\u00e9rcoles 24 de marzo de 2021 <span style=\"color: #ff0000;\"><em>\u00a1Completo!<\/em><\/span><br \/> <\/strong><\/p><p style=\"text-align: justify;\">Sambade Baquer\u00edn, Carlos Iv\u00e1n (2020)<br \/> <strong><em>MASCULINIDADES, VIOLENCIA E IGUALDAD. EL AUTOCONTROL DE LOS HOMBRES COMO ESTRATEGIA DEL PODER SOCIAL<\/em>.<\/strong><br \/> Ed. Universidad de Valladolid.<br \/> Presenta el libro: Jos\u00e9 Pablo Cu\u00e9llar Ot\u00f3n<br \/> Modera y clausura: Joan Sanf\u00e9lix Albelda<\/p><p style=\"text-align: justify;\"><strong>Mi\u00e9rcoles 31 de marzo de 2021 <span style=\"color: #ff0000;\"><em>\u00a1Completo!<\/em><\/span><br \/> <\/strong><\/p><p style=\"text-align: justify;\">T\u00e9llez, Anastasia; Mart\u00ednez, J. Eloy y Sanf\u00e9lix, Joan (2019) (eds.)<br \/> <strong><em>MASCULINIDADES IGUALITARIAS Y ALTERNATIVAS. PROCESOS, AVANCES Y REACCIONES<\/em><\/strong><strong><em>.<\/em><\/strong><br \/> Editorial Tirant Lo Blanch.<br \/> Presenta el libro: Jorge Garc\u00eda Mar\u00edn<br \/> Conferencia: <strong>\u201cDECONSTRUIR LA MASCULINIDAD HEGEM\u00d3NICA EN EL \u00c1MBITO EDUCATIVO\u201d<\/strong>. Enrique Javier D\u00edez<br \/> Modera y clausura: Joaquim Montaner Villalonga<\/p><p style=\"text-align: justify;\"><strong>Mi\u00e9rcoles 14 de abril de 2021 <span style=\"color: #ff0000;\"><em>\u00a1Completo!<\/em><\/span><br \/> <\/strong><\/p><p style=\"text-align: justify;\">Mart\u00ednez, J. Eloy; T\u00e9llez, Anastasia y Sanf\u00e9lix, Joan (2019) (eds.)<br \/> <strong><em>DECONSTRUYENDO LA MASCULINIDAD. CULTURA, G\u00c9NERO E IDENTIDAD.<\/em><\/strong><br \/> Editorial Tirant Lo Blanch.<br \/> Presenta el libro: Juan Jos\u00e9 Tamayo Acosta<br \/> Conferencia: <strong>\u201cLOS HOMBRES EN LOS PROCESOS DE INTERVENCI\u00d3N SOCIAL. EJERCER DE HOMBRES: MASCULINIDAD, INVISIBILIDAD Y VULNERABILIDAD\u201d<\/strong>. Juan Blanco L\u00f3pez<br \/> Modera y clausura: Joaquim Montaner Villalonga<\/p><p style=\"text-align: justify;\"><strong>Mi\u00e9rcoles 28 de abril de 2021 <span style=\"color: #ff0000;\"><em>\u00a1Completo!<\/em><\/span><br \/> <\/strong><\/p><p style=\"text-align: justify;\">Lorente Acosta, Miguel (2020)<br \/> <strong><em>AUTOPSIA AL MACHISMO<\/em><\/strong>.<br \/> Ed. Comares.<br \/> Presenta el libro: Beatriz Ranea Trivi\u00f1o<br \/> Modera y clausura: Anastasia T\u00e9llez Infantes<\/p><p style=\"text-align: justify;\"><strong>Mi\u00e9rcoles 12 de mayo de 2021 <span style=\"color: #ff0000;\"><em>\u00a1Completo!<\/em><\/span><br \/> <\/strong><\/p><p style=\"text-align: justify;\">Salguero Vel\u00e1zquez, Mar\u00eda Alejandra (2020)<br \/> <strong><em>PRESENCIAS Y AUSENCIAS PATERNAS DESDE UNA APROXIMACI\u00d3N SOCIOCULTURAL DE G\u00c9NERO.<\/em><\/strong><br \/> Editorial UNAM-FESI.<br \/> Presenta el libro: Jorge Cascales Ribera<br \/> Modera y clausura: Joan Sanf\u00e9lix Albelda<\/p><p style=\"text-align: justify;\"><strong>Mi\u00e9rcoles 26 de mayo de 2021 <span style=\"color: #ff0000;\"><em>\u00a1Completo!<\/em><\/span><br \/> <\/strong><\/p><p style=\"text-align: justify;\">T\u00e9llez, Anastasia; Mart\u00ednez, J. Eloy y Sanf\u00e9lix, Joan (Eds.) (2021)<br \/> <strong><em>DE LA TEOR\u00cdA A LA ACCI\u00d3N: EN BUSCA DE MASCULINIDADES IGUALITARIAS.<\/em><\/strong><br \/> Editorial Dykinson<br \/> Presenta el libro: Vicent Bellver Loizaga<br \/> Conferencia: <strong>\u201cMASCULINIDADES Y ACTIVISMO EN EL MOVIMIENTO DE HOMBRES: IGUALDAD MITOPO\u00c9TICA Y NEOMACHISMO\u201d<\/strong>. Jorge Cascales Ribera<br \/> Modera y clausura: Joaquim Montaner Villalonga<\/p><p style=\"text-align: justify;\"><strong>Mi\u00e9rcoles 9 de junio de 2021 <span style=\"color: #ff0000;\"><em> \u00a1\u00daltimas plazas!<\/em><\/span><br \/> <\/strong><\/p><p style=\"text-align: justify;\">Garc\u00eda Mar\u00edn, Jorge (2019)<br \/> <strong><em>PAP\u00c1, POR QUE NON PINTAS AS UNLLAS DE CORES?EDUCANDO (CONSTRU\u00cdNDO) MASCULINIDADES DISIDENTES<\/em><\/strong><br \/> Ed. Galaxia. Colecci\u00f3n Feminismos<br \/> Presenta el libro: Bego\u00f1a G\u00f3mez V\u00e1zquez<br \/> Modera y clausura: Jorge Cascales Ribera<\/p><p style=\"text-align: justify;\"><strong>Mi\u00e9rcoles 23 de junio de 2021 <span style=\"color: #ff0000;\"><em>\u00a1\u00daltimas plazas!<\/em><\/span><br \/> <\/strong><\/p><p style=\"text-align: justify;\">De Keijzer, Benno (2019)<br \/> <strong><em>MASCULINIDADES Y SALUD EN LAS AM\u00c9RICAS.<\/em><\/strong><br \/> Organizaci\u00f3n Panamericana de la Salud. Masculinidades y salud en la Regi\u00f3n de las Am\u00e9ricas. Washington, D.C.: OPS.<br \/> Presenta el libro: Joan Sanf\u00e9lix Albelda<br \/> Modera y clausura: Joaquim Montaner Villalonga<\/p><p style=\"text-align: justify;\"><strong>Mi\u00e9rcoles 7 de julio de 2021 <span style=\"color: #ff0000;\"><em>\u00a1Completo!<\/em><\/span><br \/> <\/strong><\/p><p style=\"text-align: justify;\">Salazar Ben\u00edtez, Octavio (2021)<br \/> <strong><em>LA VIDA EN COM\u00daN. LOS HOMBRES (QUE DEBER\u00cdAMOS SER) DESPU\u00c9S DEL CORONAVIRUS.<\/em><\/strong><br \/> Ed. Galaxia Gutenberg.<br \/> Presenta el libro: Carmelo Hern\u00e1ndez Ramos<br \/> Modera y clausura: Anastasia T\u00e9llez Infantes<\/p><p style=\"text-align: justify;\"><strong>Mi\u00e9rcoles 21 de julio de 2021 <span style=\"color: #ff0000;\"><em>\u00a1Completo!<\/em><\/span><br \/> <\/strong><\/p><p style=\"text-align: justify;\">CEPAIM<\/p><p style=\"text-align: justify;\">Publicaciones:<br \/> <strong><em>V\u00cdSTETE DESPACIO <\/em><\/strong><strong><em>\u00a1QUE TENEMOS PRISA! CLAVES PARA EL TRABAJO CON HOMBRES Y MASCULINIDADES COMO ESTRATEGIA PARA EL LOGRO DE LA IGUALDAD.<br \/> LOS HOMBRES EN LAS POL\u00cdTICAS DE IGUALDAD DE LAS EMPRESAS: PRESENCIA Y AUSENCIAS<\/em><\/strong><br \/> Presenta las publicaciones: Jorge Cascales Ribera<br \/> Conferencia: \"<strong>ATERRIZANDO EL ENFOQUE DE G\u00c9NERO Y TRABAJO CON HOMBRES EN LAS ESTRATEGIAS PARA LA IGUALDAD EN ONG Y EMPRESAS\". <\/strong>Bakea Alonso Fern\u00e1ndez de Avil\u00e9s<br \/> Modera y clausura: Joan Sanf\u00e9lix Albelda<\/p><p style=\"text-align: justify;\">\u00a0<a title=\"Inscripci\u00f3n seminarios conversatorios\" href=\"https:\/\/forms.gle\/Ykm245X1r2sqBZPeA\" target=\"_blank\"><img class=\"aligncenter wp-image-2387 \" src=\"http:\/\/observatoriomasculinidad.edu.umh.es\/wp-content\/uploads\/sites\/1462\/2021\/01\/Calendario-Seminarios-Conversatoriosok.jpg\" alt=\"Calendario-Seminarios-Conversatoriosok\" width=\"774\" height=\"2240\" \/><\/a><\/p>","_et_gb_content_width":"","_links_to":"","_links_to_target":""},"categories":[47,2,16],"tags":[],"_links":{"self":[{"href":"https:\/\/observatoriomasculinidad.umh.es\/en\/wp-json\/wp\/v2\/posts\/1165"}],"collection":[{"href":"https:\/\/observatoriomasculinidad.umh.es\/en\/wp-json\/wp\/v2\/posts"}],"about":[{"href":"https:\/\/observatoriomasculinidad.umh.es\/en\/wp-json\/wp\/v2\/types\/post"}],"author":[{"embeddable":true,"href":"https:\/\/observatoriomasculinidad.umh.es\/en\/wp-json\/wp\/v2\/users\/16034"}],"replies":[{"embeddable":true,"href":"https:\/\/observatoriomasculinidad.umh.es\/en\/wp-json\/wp\/v2\/comments?post=1165"}],"version-history":[{"count":0,"href":"https:\/\/observatoriomasculinidad.umh.es\/en\/wp-json\/wp\/v2\/posts\/1165\/revisions"}],"wp:attachment":[{"href":"https:\/\/observatoriomasculinidad.umh.es\/en\/wp-json\/wp\/v2\/media?parent=1165"}],"wp:term":[{"taxonomy":"category","embeddable":true,"href":"https:\/\/observatoriomasculinidad.umh.es\/en\/wp-json\/wp\/v2\/categories?post=1165"},{"taxonomy":"post_tag","embeddable":true,"href":"https:\/\/observatoriomasculinidad.umh.es\/en\/wp-json\/wp\/v2\/tags?post=1165"}],"curies":[{"name":"wp","href":"https:\/\/api.w.org\/{rel}","templated":true}]}}