{"id":927,"date":"2019-03-28T13:23:15","date_gmt":"2019-03-28T12:23:15","guid":{"rendered":"http:\/\/observatoriomasculinidad.umh.es\/?p=927"},"modified":"2021-01-21T20:17:30","modified_gmt":"2021-01-21T19:17:30","slug":"contrato-menor-para-la-investigacion-de-titulo-los-hombres-ilicitanos-masculinidades-e-igualdad","status":"publish","type":"post","link":"https:\/\/observatoriomasculinidad.umh.es\/ca\/2019\/03\/28\/contrato-menor-para-la-investigacion-de-titulo-los-hombres-ilicitanos-masculinidades-e-igualdad\/","title":{"rendered":"<span lang=\"es\">(Espa\u00f1ol) Contrato menor para la investigaci\u00f3n de t\u00edtulo &#8220;Los hombres ilicitanos: masculinidades e igualdad&#8221;<\/span>"},"content":{"rendered":"<p class=\"qtranxs-available-languages-message qtranxs-available-languages-message-ca\">Ho sentim, aquesta entrada es troba disponible \u00fanicament en <a href=\"https:\/\/observatoriomasculinidad.umh.es\/es\/wp-json\/wp\/v2\/posts\/927\" class=\"qtranxs-available-language-link qtranxs-available-language-link-es\" title=\"Espa\u00f1ol\">Espanyol Europeu<\/a>.<\/p>","protected":false},"excerpt":{"rendered":"<p>Ho sentim, aquesta entrada es troba disponible \u00fanicament en Espanyol Europeu.<\/p>\n","protected":false},"author":14033,"featured_media":0,"comment_status":"closed","ping_status":"open","sticky":false,"template":"","format":"standard","meta":{"_et_pb_use_builder":"","_et_pb_old_content":"","_et_gb_content_width":"","_links_to":"","_links_to_target":""},"categories":[28,32,88,74,30],"tags":[23],"_links":{"self":[{"href":"https:\/\/observatoriomasculinidad.umh.es\/ca\/wp-json\/wp\/v2\/posts\/927"}],"collection":[{"href":"https:\/\/observatoriomasculinidad.umh.es\/ca\/wp-json\/wp\/v2\/posts"}],"about":[{"href":"https:\/\/observatoriomasculinidad.umh.es\/ca\/wp-json\/wp\/v2\/types\/post"}],"author":[{"embeddable":true,"href":"https:\/\/observatoriomasculinidad.umh.es\/ca\/wp-json\/wp\/v2\/users\/14033"}],"replies":[{"embeddable":true,"href":"https:\/\/observatoriomasculinidad.umh.es\/ca\/wp-json\/wp\/v2\/comments?post=927"}],"version-history":[{"count":0,"href":"https:\/\/observatoriomasculinidad.umh.es\/ca\/wp-json\/wp\/v2\/posts\/927\/revisions"}],"wp:attachment":[{"href":"https:\/\/observatoriomasculinidad.umh.es\/ca\/wp-json\/wp\/v2\/media?parent=927"}],"wp:term":[{"taxonomy":"category","embeddable":true,"href":"https:\/\/observatoriomasculinidad.umh.es\/ca\/wp-json\/wp\/v2\/categories?post=927"},{"taxonomy":"post_tag","embeddable":true,"href":"https:\/\/observatoriomasculinidad.umh.es\/ca\/wp-json\/wp\/v2\/tags?post=927"}],"curies":[{"name":"wp","href":"https:\/\/api.w.org\/{rel}","templated":true}]}}