{"id":6404,"date":"2026-04-28T08:31:37","date_gmt":"2026-04-28T07:31:37","guid":{"rendered":"https:\/\/observatoriomasculinidad.umh.es\/?p=6404"},"modified":"2026-04-28T08:31:52","modified_gmt":"2026-04-28T07:31:52","slug":"jornada-la-igualdad-en-la-umh-tambien-es-cosa-de-hombres","status":"publish","type":"post","link":"https:\/\/observatoriomasculinidad.umh.es\/ca\/2026\/04\/28\/jornada-la-igualdad-en-la-umh-tambien-es-cosa-de-hombres\/","title":{"rendered":"Borrador autom\u00e1tico"},"content":{"rendered":"<p>[et_pb_section fb_built=&#8221;1&#8243; admin_label=&#8221;section&#8221; _builder_version=&#8221;4.16&#8243; global_colors_info=&#8221;{}&#8221; theme_builder_area=&#8221;post_content&#8221;][et_pb_row admin_label=&#8221;row&#8221; _builder_version=&#8221;4.16&#8243; background_size=&#8221;initial&#8221; background_position=&#8221;top_left&#8221; background_repeat=&#8221;repeat&#8221; global_colors_info=&#8221;{}&#8221; theme_builder_area=&#8221;post_content&#8221;][et_pb_column type=&#8221;4_4&#8243; _builder_version=&#8221;4.16&#8243; custom_padding=&#8221;|||&#8221; global_colors_info=&#8221;{}&#8221; custom_padding__hover=&#8221;|||&#8221; theme_builder_area=&#8221;post_content&#8221;][et_pb_text _builder_version=&#8221;4.17.4&#8243; _module_preset=&#8221;default&#8221; hover_enabled=&#8221;0&#8243; global_colors_info=&#8221;{}&#8221; theme_builder_area=&#8221;post_content&#8221; sticky_enabled=&#8221;0&#8243;]<\/p>\n<h1 style=\"text-align: center\">JORNADA &#8220;LA IGUALDAD EN LA UMH TAMBI\u00c9N ES COSA DE HOMBRES&#8221;<\/h1>\n<h3 style=\"text-align: center\">7 de mayo de 2026 &#8211; Aula Pla\u00e7a de Baix (Elche)<\/h3>\n<p>[\/et_pb_text][\/et_pb_column][\/et_pb_row][et_pb_row column_structure=&#8221;2_5,3_5&#8243; _builder_version=&#8221;4.17.4&#8243; _module_preset=&#8221;default&#8221; global_colors_info=&#8221;{}&#8221; theme_builder_area=&#8221;post_content&#8221;][et_pb_column type=&#8221;2_5&#8243; _builder_version=&#8221;4.17.4&#8243; _module_preset=&#8221;default&#8221; global_colors_info=&#8221;{}&#8221; theme_builder_area=&#8221;post_content&#8221;][et_pb_image src=&#8221;https:\/\/observatoriomasculinidad.umh.es\/files\/2026\/04\/jornada-7-mayo-A3-UMH.png&#8221; title_text=&#8221;jornada 7 mayo A3 UMH&#8221; _builder_version=&#8221;4.17.4&#8243; _module_preset=&#8221;default&#8221; hover_enabled=&#8221;0&#8243; global_colors_info=&#8221;{}&#8221; theme_builder_area=&#8221;post_content&#8221; sticky_enabled=&#8221;0&#8243;][\/et_pb_image][\/et_pb_column][et_pb_column type=&#8221;3_5&#8243; _builder_version=&#8221;4.17.4&#8243; _module_preset=&#8221;default&#8221; global_colors_info=&#8221;{}&#8221; theme_builder_area=&#8221;post_content&#8221;][et_pb_text _builder_version=&#8221;4.17.4&#8243; _module_preset=&#8221;default&#8221; hover_enabled=&#8221;0&#8243; global_colors_info=&#8221;{}&#8221; theme_builder_area=&#8221;post_content&#8221; sticky_enabled=&#8221;0&#8243;]<\/p>\n<p style=\"text-align: justify\" data-start=\"171\" data-end=\"556\">El pr\u00f3ximo <strong data-start=\"182\" data-end=\"203\">7 de mayo de 2026<\/strong>, de <strong data-start=\"208\" data-end=\"231\">18:00 a 20:00 horas<\/strong>, se celebrar\u00e1 en el <strong data-start=\"252\" data-end=\"318\">Aula Pla\u00e7a de Baix de la Universidad Miguel Hern\u00e1ndez de Elche<\/strong> (C\/ Mare de D\u00e9u del Carme, 2) la jornada <em data-start=\"360\" data-end=\"412\">\u201cLa igualdad en la UMH tambi\u00e9n es cosa de hombres\u201d<\/em>, un encuentro orientado a reflexionar sobre el papel de las masculinidades en la promoci\u00f3n de la igualdad de g\u00e9nero en el \u00e1mbito universitario. Asimismo, se presentaran las principales actividades realizadas desde la Universidad Miguel Hern\u00e1ndez de Elche en este sentido y se presentar\u00e1 el <strong><em>Manual de formaci\u00f3n en masculinidades, g\u00e9nero e igualdad<\/em><\/strong> (Tecnos, 2026).<\/p>\n<p style=\"text-align: justify\" data-start=\"558\" data-end=\"912\">La actividad est\u00e1 organizada por el <strong data-start=\"594\" data-end=\"642\">Observatorio de las Masculinidades de la UMH,<\/strong>\u00a0el grupo de investigaci\u00f3n <strong data-start=\"671\" data-end=\"710\">ECULGE (Econom\u00eda, Cultura y G\u00e9nero) y la Unidad de Igualdad UMH<\/strong>, con la colaboraci\u00f3n del <strong data-start=\"736\" data-end=\"787\">Vicerrectorado de Investigaci\u00f3n y Transferencia<\/strong>, el <strong data-start=\"792\" data-end=\"848\">Centro Interdisciplinar de Estudios de G\u00e9nero (CIEG),<\/strong>el <strong data-start=\"854\" data-end=\"901\">Departamento de Ciencias Sociales y Humanas<\/strong> de la UMH y el\u00a0<strong>Diploma de Especializaci\u00f3n en Masculinidades, G\u00e9nero e Igualdad.<\/strong><\/p>\n<p style=\"text-align: justify\" data-start=\"914\" data-end=\"1396\">La jornada reunir\u00e1 a personal docente e investigador de la UMH y de otras universidades para analizar los avances, retos y l\u00edneas de trabajo en torno a las masculinidades desde una perspectiva de g\u00e9nero. A lo largo del programa se abordar\u00e1n cuestiones como el papel del Observatorio de las Masculinidades, los proyectos de investigaci\u00f3n desarrollados en la \u00faltima d\u00e9cada, la formaci\u00f3n especializada en este \u00e1mbito y las iniciativas institucionales orientadas a fomentar la igualdad.<\/p>\n<p style=\"text-align: justify\" data-start=\"1398\" data-end=\"1634\">Asimismo, se presentar\u00e1 el <strong data-start=\"1425\" data-end=\"1487\"><em data-start=\"1427\" data-end=\"1485\">Manual de formaci\u00f3n en masculinidades, g\u00e9nero e igualdad<\/em><\/strong> (Tecnos, 2026), una obra colectiva que contribuye a consolidar el estudio de las masculinidades desde un enfoque feminista en el \u00e1mbito acad\u00e9mico.<\/p>\n<p style=\"text-align: justify\" data-start=\"1636\" data-end=\"1848\">La jornada concluir\u00e1 con un espacio de cierre institucional en el que se pondr\u00e1 en valor el compromiso de la Universidad Miguel Hern\u00e1ndez con la igualdad de g\u00e9nero y la implicaci\u00f3n de los hombres en este proceso.<\/p>\n<p style=\"text-align: justify\" data-start=\"1850\" data-end=\"2006\">Esta actividad est\u00e1 dirigida a la comunidad universitaria y al p\u00fablico interesado en los estudios de g\u00e9nero, las masculinidades y las pol\u00edticas de igualdad.<\/p>\n<p>[\/et_pb_text][\/et_pb_column][\/et_pb_row][\/et_pb_section]<\/p>\n","protected":false},"excerpt":{"rendered":"<p>JORNADA &#8220;LA IGUALDAD EN LA UMH TAMBI\u00c9N ES COSA DE HOMBRES&#8221; 7 de mayo de 2026 &#8211; Aula Pla\u00e7a de Baix (Elche)El pr\u00f3ximo 7 de mayo de 2026, de 18:00 a 20:00 horas, se celebrar\u00e1 en el Aula Pla\u00e7a de Baix de la Universidad Miguel Hern\u00e1ndez de Elche (C\/ Mare de D\u00e9u del Carme, 2) [&hellip;]<\/p>\n","protected":false},"author":25245,"featured_media":6410,"comment_status":"closed","ping_status":"open","sticky":false,"template":"","format":"standard","meta":{"_et_pb_use_builder":"on","_et_pb_old_content":"","_et_gb_content_width":"","_links_to":"","_links_to_target":""},"categories":[98,99],"tags":[],"_links":{"self":[{"href":"https:\/\/observatoriomasculinidad.umh.es\/ca\/wp-json\/wp\/v2\/posts\/6404"}],"collection":[{"href":"https:\/\/observatoriomasculinidad.umh.es\/ca\/wp-json\/wp\/v2\/posts"}],"about":[{"href":"https:\/\/observatoriomasculinidad.umh.es\/ca\/wp-json\/wp\/v2\/types\/post"}],"author":[{"embeddable":true,"href":"https:\/\/observatoriomasculinidad.umh.es\/ca\/wp-json\/wp\/v2\/users\/25245"}],"replies":[{"embeddable":true,"href":"https:\/\/observatoriomasculinidad.umh.es\/ca\/wp-json\/wp\/v2\/comments?post=6404"}],"version-history":[{"count":0,"href":"https:\/\/observatoriomasculinidad.umh.es\/ca\/wp-json\/wp\/v2\/posts\/6404\/revisions"}],"wp:featuredmedia":[{"embeddable":true,"href":"https:\/\/observatoriomasculinidad.umh.es\/ca\/wp-json\/wp\/v2\/media\/6410"}],"wp:attachment":[{"href":"https:\/\/observatoriomasculinidad.umh.es\/ca\/wp-json\/wp\/v2\/media?parent=6404"}],"wp:term":[{"taxonomy":"category","embeddable":true,"href":"https:\/\/observatoriomasculinidad.umh.es\/ca\/wp-json\/wp\/v2\/categories?post=6404"},{"taxonomy":"post_tag","embeddable":true,"href":"https:\/\/observatoriomasculinidad.umh.es\/ca\/wp-json\/wp\/v2\/tags?post=6404"}],"curies":[{"name":"wp","href":"https:\/\/api.w.org\/{rel}","templated":true}]}}