{"id":1638,"date":"2009-01-20T23:47:55","date_gmt":"2009-01-20T22:47:55","guid":{"rendered":"http:\/\/observatoriomasculinidad.umh.es\/?p=1638"},"modified":"2022-06-22T08:24:32","modified_gmt":"2022-06-22T07:24:32","slug":"economia-informal-y-perspectiva-de-genero-en-contextos-de-trabajo","status":"publish","type":"post","link":"https:\/\/observatoriomasculinidad.umh.es\/ca\/2009\/01\/20\/economia-informal-y-perspectiva-de-genero-en-contextos-de-trabajo\/","title":{"rendered":"<span lang=\"es\">(Espa\u00f1ol) ECONOM\u00cdA INFORMAL Y PERSPECTIVA DE G\u00c9NERO EN CONTEXTOS DE TRABAJO<\/span>"},"content":{"rendered":"<p class=\"qtranxs-available-languages-message qtranxs-available-languages-message-ca\">Ho sentim, aquesta entrada es troba disponible \u00fanicament en <a href=\"https:\/\/observatoriomasculinidad.umh.es\/es\/wp-json\/wp\/v2\/posts\/1638\" class=\"qtranxs-available-language-link qtranxs-available-language-link-es\" title=\"Espa\u00f1ol\">Espanyol Europeu<\/a>.<\/p>","protected":false},"excerpt":{"rendered":"<p>Ho sentim, aquesta entrada es troba disponible \u00fanicament en Espanyol Europeu.<\/p>\n","protected":false},"author":13814,"featured_media":1639,"comment_status":"closed","ping_status":"open","sticky":false,"template":"","format":"standard","meta":{"_et_pb_use_builder":"on","_et_pb_old_content":"<p>T\u00e9llez Infantes, Anastasia y Javier Eloy Mart\u00ednez Guirao (Ed.) (2009)\u00a0<em>ECONOM\u00cdA INFORMAL Y PERSPECTIVA DE G\u00c9NERO EN CONTEXTOS DE TRABAJO<\/em>. Editorial ICARIA. Barcelona. I.S.B.N: 978-84-9888-123-3<\/p>","_et_gb_content_width":"","_links_to":"","_links_to_target":""},"categories":[73,33,85,31],"tags":[],"_links":{"self":[{"href":"https:\/\/observatoriomasculinidad.umh.es\/ca\/wp-json\/wp\/v2\/posts\/1638"}],"collection":[{"href":"https:\/\/observatoriomasculinidad.umh.es\/ca\/wp-json\/wp\/v2\/posts"}],"about":[{"href":"https:\/\/observatoriomasculinidad.umh.es\/ca\/wp-json\/wp\/v2\/types\/post"}],"author":[{"embeddable":true,"href":"https:\/\/observatoriomasculinidad.umh.es\/ca\/wp-json\/wp\/v2\/users\/13814"}],"replies":[{"embeddable":true,"href":"https:\/\/observatoriomasculinidad.umh.es\/ca\/wp-json\/wp\/v2\/comments?post=1638"}],"version-history":[{"count":0,"href":"https:\/\/observatoriomasculinidad.umh.es\/ca\/wp-json\/wp\/v2\/posts\/1638\/revisions"}],"wp:featuredmedia":[{"embeddable":true,"href":"https:\/\/observatoriomasculinidad.umh.es\/ca\/wp-json\/wp\/v2\/media\/1639"}],"wp:attachment":[{"href":"https:\/\/observatoriomasculinidad.umh.es\/ca\/wp-json\/wp\/v2\/media?parent=1638"}],"wp:term":[{"taxonomy":"category","embeddable":true,"href":"https:\/\/observatoriomasculinidad.umh.es\/ca\/wp-json\/wp\/v2\/categories?post=1638"},{"taxonomy":"post_tag","embeddable":true,"href":"https:\/\/observatoriomasculinidad.umh.es\/ca\/wp-json\/wp\/v2\/tags?post=1638"}],"curies":[{"name":"wp","href":"https:\/\/api.w.org\/{rel}","templated":true}]}}